{"id":4371,"date":"2018-12-05T12:00:27","date_gmt":"2018-12-05T12:00:27","guid":{"rendered":"https:\/\/premioluisvaltuena.org\/uncategorized\/juan-medina-gana-el-xxii-premio-luis-valtuena\/"},"modified":"2020-02-16T11:06:34","modified_gmt":"2020-02-16T11:06:34","slug":"juan-medina-wins-the-22nd-edition-of-the-luis-valtuena-humanitarian-photography-award","status":"publish","type":"post","link":"https:\/\/premioluisvaltuena.org\/en\/juan-medina-wins-the-22nd-edition-of-the-luis-valtuena-humanitarian-photography-award\/","title":{"rendered":"Juan Medina wins the 22nd edition of the Luis Valtue\u00f1a Humanitarian Photography Award"},"content":{"rendered":"\n<p>J<strong>uan Medina wins the 22nd edition of the Luis Valtue\u00f1a Humanitarian Photography Award thanks to the powerful image of a group of migrants rescued in the Mediterranean<\/strong><\/p>\n\n\n\n<p>M\u00e9dicos del Mundo announces the new winner of the Luis Valtue\u00f1a International Humanitarian Photography Award: the Argentine photographer&nbsp;<strong>Juan Medina<\/strong>, with his series&nbsp;<strong><em>&#8220;Life and death in the Mediterranean&#8221;<\/em><\/strong><em>,&nbsp;<\/em>and in particular the iconic image of several migrants wrapped in blankets, of which the jury highlighted&nbsp;<em>&#8220;its exceptional visual impact and the expressive force that it conveys<\/em>&#8220;. The work was done in the summer of 2017 during a rescue by the NGO Proactiva Open Arms of flimsy vessels which had set out from Libya. The particular photo highlighted by the jury depicts a group of people rescued just before arriving at the port of Algeciras.<\/p>\n\n\n\n<p>As well as the winning entry, three other pieces were selected as finalists, all in black and white. The first finalist was&nbsp;<strong>C\u00e9sar Dezfulli<\/strong>, with the series&nbsp;<strong><em>&#8220;Banjul to Biella&#8221;<\/em><\/strong>, which follows the journey of Malick, a young man of 19 years of age, from his departure from Gambia up to&nbsp; his arrival in a city in northern Italy, where he lives in a temporary accommodation centre. Malick crossed the Sahel desert inside an oil tank, where he and his companions were on the verge of suffocation. When he arrived in Libya, he was kidnapped by human traffickers. In winter of 2017 he saw snow for the first time, as portrayed in this series.<\/p>\n\n\n\n<p>The jury also chose two equally placed finalists, who were tied in the votes. One of these is&nbsp;<strong>Carmen Sayago<\/strong>, with the series&nbsp;<strong><em>&#8220;Birds of pollution&#8221;<\/em><\/strong>, in which she portrays those affected by multiple chemical sensitivity syndrome. Often misunderstood and confined to their homes, the series portrays their claustrophobic routine.&nbsp;<strong>Ignacio Mar\u00edn<\/strong>, with his work&nbsp;<strong><em>&#8220;Crimes of hunger&#8221;<\/em><\/strong>, takes us to Venezuela in order to portray the consequences of the country\u2019s economic decline. The shortage of food has led to a new type of crime: subsistence theft; thefts or assaults in order to be able to eat. 61% of Venezuelans go to sleep hungry at night, according to the National Survey of Living Conditions.<\/p>\n\n\n\n<p><strong>386 works from 72 countries<\/strong>&nbsp;were submitted to this edition, a record number in the more than two decades of the contest, with 2,650 images. The increasingly global spread of the contest is demonstrated by an increase in the number of different nationalities represented, with ten countries more represented than in the previous edition.<\/p>\n\n\n\n<p><strong>The jury<\/strong><\/p>\n\n\n\n<p>The jury was composed of Ana Berruguete, head of exhibitions at La F\u00e1brica and PhotoEspa\u00f1a; Carlos Garc\u00eda Pozo, head of photography at the El Mundo newspaper; Gorka Legarcegui, images editor of El Pa\u00eds Semanal; Paco Junquera, photographer and four-time winner of the FotoPress award; Esther Borrell, director of the images department of the EFE agency; and Celia Zafra, journalist and communications officer with M\u00e9dicos del Mundo.<\/p>\n\n\n\n<p><strong>History of the award<\/strong><\/p>\n\n\n\n<p>The Luis Valtue\u00f1a International Humanitarian Photography Award is held annually in memory of four aid workers killed in Rwanda in 1997 and Bosnia in 1995 when they were working on humanitarian action projects: Flors Sirera, Manuel Madrazo, Mercedes Navarro and Luis Valtue\u00f1a. The latter was a photographer by profession, which is why this award bears his name, and in Spain he worked as a reporter for the Cover agency.<\/p>\n\n\n\n<p>The award consists of a grant of 6,000 euro in order to carry out a photographic project in one of M\u00e9dicos del Mundo\u2019s areas of work.<\/p>\n\n\n\n<p>The winning photographs can be seen in a\u00a0<strong>group exhibition<\/strong>\u00a0that will open on\u00a0<strong>January the 29th, 2019,<\/strong>\u00a0in\u00a0<strong>Caixa Forum Madrid<\/strong>, with free admission.<\/p>\n\n\n\n<figure class=\"wp-block-embed-flickr wp-block-embed is-type-rich is-provider-flickr\"><div class=\"wp-block-embed__wrapper\">\n<a data-flickr-embed='true' href='https:\/\/www.flickr.com\/photos\/premiofotoluisvaltuena\/sets\/72157674214017077\/' title='XXII Premio Luis Valtue\u00f1a (2018) by Premio Internacional de Fotograf\u00eda Humanitaria Lu, on Flickr'><img src='https:\/\/live.staticflickr.com\/4861\/45463064894_cfe8e8e6d9_z.jpg' width='800' height='600' alt='Vida y muerte en el Mediterr\u00e1neo'><\/a><script async src='https:\/\/embedr.flickr.com\/assets\/client-code.js' charset='utf-8'><\/script>\n<\/div><\/figure>\n","protected":false},"excerpt":{"rendered":"<p>Juan Medina wins the 22nd edition of the Luis Valtue\u00f1a Humanitarian Photography Award thanks to the powerful image of a group of migrants rescued in the Mediterranean M\u00e9dicos del Mundo announces the new winner of the Luis Valtue\u00f1a International Humanitarian Photography Award: the Argentine photographer&nbsp;Juan Medina, with his series&nbsp;&#8220;Life and death in the Mediterranean&#8221;,&nbsp;and in<\/p>\n","protected":false},"author":23,"featured_media":4037,"comment_status":"open","ping_status":"open","sticky":false,"template":"","format":"standard","meta":{"_acf_changed":false,"inline_featured_image":false,"_monsterinsights_skip_tracking":false,"_monsterinsights_sitenote_active":false,"_monsterinsights_sitenote_note":"","_monsterinsights_sitenote_category":0,"mc4wp_mailchimp_campaign":[],"footnotes":""},"categories":[139],"tags":[],"class_list":["post-4371","post","type-post","status-publish","format-standard","has-post-thumbnail","hentry","category-awards"],"acf":[],"yoast_head":"<!-- This site is optimized with the Yoast SEO plugin v27.5 - https:\/\/yoast.com\/product\/yoast-seo-wordpress\/ -->\n<title>Juan Medina wins the 22nd edition of the Luis Valtue\u00f1a Humanitarian Photography Award - Premio Luis Valtue\u00f1a<\/title>\n<meta name=\"robots\" content=\"index, follow, max-snippet:-1, max-image-preview:large, max-video-preview:-1\" \/>\n<link rel=\"canonical\" href=\"https:\/\/premioluisvaltuena.org\/en\/juan-medina-wins-the-22nd-edition-of-the-luis-valtuena-humanitarian-photography-award\/\" \/>\n<meta property=\"og:locale\" content=\"en_US\" \/>\n<meta property=\"og:type\" content=\"article\" \/>\n<meta property=\"og:title\" content=\"Juan Medina wins the 22nd edition of the Luis Valtue\u00f1a Humanitarian Photography Award - Premio Luis Valtue\u00f1a\" \/>\n<meta property=\"og:description\" content=\"Juan Medina wins the 22nd edition of the Luis Valtue\u00f1a Humanitarian Photography Award thanks to the powerful image of a group of migrants rescued in the Mediterranean M\u00e9dicos del Mundo announces the new winner of the Luis Valtue\u00f1a International Humanitarian Photography Award: the Argentine photographer&nbsp;Juan Medina, with his series&nbsp;&#8220;Life and death in the Mediterranean&#8221;,&nbsp;and in\" \/>\n<meta property=\"og:url\" content=\"https:\/\/premioluisvaltuena.org\/en\/juan-medina-wins-the-22nd-edition-of-the-luis-valtuena-humanitarian-photography-award\/\" \/>\n<meta property=\"og:site_name\" content=\"Premio Luis Valtue\u00f1a\" \/>\n<meta property=\"article:publisher\" content=\"https:\/\/www.facebook.com\/premioluisvaltuena\/\" \/>\n<meta property=\"article:published_time\" content=\"2018-12-05T12:00:27+00:00\" \/>\n<meta property=\"article:modified_time\" content=\"2020-02-16T11:06:34+00:00\" \/>\n<meta property=\"og:image\" content=\"https:\/\/premioluisvaltuena.org\/wp-content\/uploads\/2020\/02\/03-550x366.jpg\" \/>\n\t<meta property=\"og:image:width\" content=\"550\" \/>\n\t<meta property=\"og:image:height\" content=\"366\" \/>\n\t<meta property=\"og:image:type\" content=\"image\/jpeg\" \/>\n<meta name=\"author\" content=\"Nora Mora\" \/>\n<meta name=\"twitter:card\" content=\"summary_large_image\" \/>\n<meta name=\"twitter:label1\" content=\"Written by\" \/>\n\t<meta name=\"twitter:data1\" content=\"Nora Mora\" \/>\n\t<meta name=\"twitter:label2\" content=\"Est. reading time\" \/>\n\t<meta name=\"twitter:data2\" content=\"3 minutes\" \/>\n<script type=\"application\/ld+json\" class=\"yoast-schema-graph\">{\"@context\":\"https:\\\/\\\/schema.org\",\"@graph\":[{\"@type\":\"Article\",\"@id\":\"https:\\\/\\\/premioluisvaltuena.org\\\/en\\\/juan-medina-wins-the-22nd-edition-of-the-luis-valtuena-humanitarian-photography-award\\\/#article\",\"isPartOf\":{\"@id\":\"https:\\\/\\\/premioluisvaltuena.org\\\/en\\\/juan-medina-wins-the-22nd-edition-of-the-luis-valtuena-humanitarian-photography-award\\\/\"},\"author\":{\"name\":\"Nora Mora\",\"@id\":\"https:\\\/\\\/premioluisvaltuena.org\\\/#\\\/schema\\\/person\\\/b3084aed10d385130260ca00c17c0fe6\"},\"headline\":\"Juan Medina wins the 22nd edition of the Luis Valtue\u00f1a Humanitarian Photography Award\",\"datePublished\":\"2018-12-05T12:00:27+00:00\",\"dateModified\":\"2020-02-16T11:06:34+00:00\",\"mainEntityOfPage\":{\"@id\":\"https:\\\/\\\/premioluisvaltuena.org\\\/en\\\/juan-medina-wins-the-22nd-edition-of-the-luis-valtuena-humanitarian-photography-award\\\/\"},\"wordCount\":643,\"commentCount\":0,\"publisher\":{\"@id\":\"https:\\\/\\\/premioluisvaltuena.org\\\/#organization\"},\"image\":{\"@id\":\"https:\\\/\\\/premioluisvaltuena.org\\\/en\\\/juan-medina-wins-the-22nd-edition-of-the-luis-valtuena-humanitarian-photography-award\\\/#primaryimage\"},\"thumbnailUrl\":\"https:\\\/\\\/premioluisvaltuena.org\\\/wp-content\\\/uploads\\\/2020\\\/02\\\/03-550x366.jpg\",\"articleSection\":[\"Awards\"],\"inLanguage\":\"en-US\",\"potentialAction\":[{\"@type\":\"CommentAction\",\"name\":\"Comment\",\"target\":[\"https:\\\/\\\/premioluisvaltuena.org\\\/en\\\/juan-medina-wins-the-22nd-edition-of-the-luis-valtuena-humanitarian-photography-award\\\/#respond\"]}]},{\"@type\":\"WebPage\",\"@id\":\"https:\\\/\\\/premioluisvaltuena.org\\\/en\\\/juan-medina-wins-the-22nd-edition-of-the-luis-valtuena-humanitarian-photography-award\\\/\",\"url\":\"https:\\\/\\\/premioluisvaltuena.org\\\/en\\\/juan-medina-wins-the-22nd-edition-of-the-luis-valtuena-humanitarian-photography-award\\\/\",\"name\":\"Juan Medina wins the 22nd edition of the Luis Valtue\u00f1a Humanitarian Photography Award - Premio Luis Valtue\u00f1a\",\"isPartOf\":{\"@id\":\"https:\\\/\\\/premioluisvaltuena.org\\\/#website\"},\"primaryImageOfPage\":{\"@id\":\"https:\\\/\\\/premioluisvaltuena.org\\\/en\\\/juan-medina-wins-the-22nd-edition-of-the-luis-valtuena-humanitarian-photography-award\\\/#primaryimage\"},\"image\":{\"@id\":\"https:\\\/\\\/premioluisvaltuena.org\\\/en\\\/juan-medina-wins-the-22nd-edition-of-the-luis-valtuena-humanitarian-photography-award\\\/#primaryimage\"},\"thumbnailUrl\":\"https:\\\/\\\/premioluisvaltuena.org\\\/wp-content\\\/uploads\\\/2020\\\/02\\\/03-550x366.jpg\",\"datePublished\":\"2018-12-05T12:00:27+00:00\",\"dateModified\":\"2020-02-16T11:06:34+00:00\",\"breadcrumb\":{\"@id\":\"https:\\\/\\\/premioluisvaltuena.org\\\/en\\\/juan-medina-wins-the-22nd-edition-of-the-luis-valtuena-humanitarian-photography-award\\\/#breadcrumb\"},\"inLanguage\":\"en-US\",\"potentialAction\":[{\"@type\":\"ReadAction\",\"target\":[\"https:\\\/\\\/premioluisvaltuena.org\\\/en\\\/juan-medina-wins-the-22nd-edition-of-the-luis-valtuena-humanitarian-photography-award\\\/\"]}]},{\"@type\":\"ImageObject\",\"inLanguage\":\"en-US\",\"@id\":\"https:\\\/\\\/premioluisvaltuena.org\\\/en\\\/juan-medina-wins-the-22nd-edition-of-the-luis-valtuena-humanitarian-photography-award\\\/#primaryimage\",\"url\":\"https:\\\/\\\/premioluisvaltuena.org\\\/wp-content\\\/uploads\\\/2020\\\/02\\\/03-550x366.jpg\",\"contentUrl\":\"https:\\\/\\\/premioluisvaltuena.org\\\/wp-content\\\/uploads\\\/2020\\\/02\\\/03-550x366.jpg\",\"width\":550,\"height\":366,\"caption\":\"Los migrantes rescatados por el bote de rescate de la ONG Proactiva Open Arms en el mar Mediterr\u00e1neo central permanecen a bordo antes de llegar al puerto de Algeciras en San Roque, sur de Espa\u00f1a, el 9 de agosto de 2018.\"},{\"@type\":\"BreadcrumbList\",\"@id\":\"https:\\\/\\\/premioluisvaltuena.org\\\/en\\\/juan-medina-wins-the-22nd-edition-of-the-luis-valtuena-humanitarian-photography-award\\\/#breadcrumb\",\"itemListElement\":[{\"@type\":\"ListItem\",\"position\":1,\"name\":\"Portada\",\"item\":\"https:\\\/\\\/premioluisvaltuena.org\\\/en\\\/\"},{\"@type\":\"ListItem\",\"position\":2,\"name\":\"Juan Medina wins the 22nd edition of the Luis Valtue\u00f1a Humanitarian Photography Award\"}]},{\"@type\":\"WebSite\",\"@id\":\"https:\\\/\\\/premioluisvaltuena.org\\\/#website\",\"url\":\"https:\\\/\\\/premioluisvaltuena.org\\\/\",\"name\":\"Premio Internacional Luis Valtue\u00f1a Fotograf\u00eda Humanitaria\",\"description\":\"\",\"publisher\":{\"@id\":\"https:\\\/\\\/premioluisvaltuena.org\\\/#organization\"},\"potentialAction\":[{\"@type\":\"SearchAction\",\"target\":{\"@type\":\"EntryPoint\",\"urlTemplate\":\"https:\\\/\\\/premioluisvaltuena.org\\\/?s={search_term_string}\"},\"query-input\":{\"@type\":\"PropertyValueSpecification\",\"valueRequired\":true,\"valueName\":\"search_term_string\"}}],\"inLanguage\":\"en-US\"},{\"@type\":\"Organization\",\"@id\":\"https:\\\/\\\/premioluisvaltuena.org\\\/#organization\",\"name\":\"Premio Internacional Luis Valtue\u00f1a Fotograf\u00eda Humanitaria\",\"url\":\"https:\\\/\\\/premioluisvaltuena.org\\\/\",\"logo\":{\"@type\":\"ImageObject\",\"inLanguage\":\"en-US\",\"@id\":\"https:\\\/\\\/premioluisvaltuena.org\\\/#\\\/schema\\\/logo\\\/image\\\/\",\"url\":\"https:\\\/\\\/premioluisvaltuena.org\\\/wp-content\\\/uploads\\\/2020\\\/08\\\/Logo-2020.png\",\"contentUrl\":\"https:\\\/\\\/premioluisvaltuena.org\\\/wp-content\\\/uploads\\\/2020\\\/08\\\/Logo-2020.png\",\"width\":1920,\"height\":1280,\"caption\":\"Premio Internacional Luis Valtue\u00f1a Fotograf\u00eda Humanitaria\"},\"image\":{\"@id\":\"https:\\\/\\\/premioluisvaltuena.org\\\/#\\\/schema\\\/logo\\\/image\\\/\"},\"sameAs\":[\"https:\\\/\\\/www.facebook.com\\\/premioluisvaltuena\\\/\",\"https:\\\/\\\/www.instagram.com\\\/premioluisvaltuena\\\/\",\"https:\\\/\\\/www.youtube.com\\\/playlist?list=PLXPK1-jJZbACLMAIKz7pej4avPCcdrmkn\",\"https:\\\/\\\/es.wikipedia.org\\\/wiki\\\/Premio_Internacional_Luis_Valtue\u00f1a_de_Fotograf\u00eda_Humanitaria\"]},{\"@type\":\"Person\",\"@id\":\"https:\\\/\\\/premioluisvaltuena.org\\\/#\\\/schema\\\/person\\\/b3084aed10d385130260ca00c17c0fe6\",\"name\":\"Nora Mora\",\"url\":\"https:\\\/\\\/premioluisvaltuena.org\\\/en\\\/author\\\/eliett\\\/\"}]}<\/script>\n<!-- \/ Yoast SEO plugin. -->","yoast_head_json":{"title":"Juan Medina wins the 22nd edition of the Luis Valtue\u00f1a Humanitarian Photography Award - Premio Luis Valtue\u00f1a","robots":{"index":"index","follow":"follow","max-snippet":"max-snippet:-1","max-image-preview":"max-image-preview:large","max-video-preview":"max-video-preview:-1"},"canonical":"https:\/\/premioluisvaltuena.org\/en\/juan-medina-wins-the-22nd-edition-of-the-luis-valtuena-humanitarian-photography-award\/","og_locale":"en_US","og_type":"article","og_title":"Juan Medina wins the 22nd edition of the Luis Valtue\u00f1a Humanitarian Photography Award - Premio Luis Valtue\u00f1a","og_description":"Juan Medina wins the 22nd edition of the Luis Valtue\u00f1a Humanitarian Photography Award thanks to the powerful image of a group of migrants rescued in the Mediterranean M\u00e9dicos del Mundo announces the new winner of the Luis Valtue\u00f1a International Humanitarian Photography Award: the Argentine photographer&nbsp;Juan Medina, with his series&nbsp;&#8220;Life and death in the Mediterranean&#8221;,&nbsp;and in","og_url":"https:\/\/premioluisvaltuena.org\/en\/juan-medina-wins-the-22nd-edition-of-the-luis-valtuena-humanitarian-photography-award\/","og_site_name":"Premio Luis Valtue\u00f1a","article_publisher":"https:\/\/www.facebook.com\/premioluisvaltuena\/","article_published_time":"2018-12-05T12:00:27+00:00","article_modified_time":"2020-02-16T11:06:34+00:00","og_image":[{"width":550,"height":366,"url":"https:\/\/premioluisvaltuena.org\/wp-content\/uploads\/2020\/02\/03-550x366.jpg","type":"image\/jpeg"}],"author":"Nora Mora","twitter_card":"summary_large_image","twitter_misc":{"Written by":"Nora Mora","Est. reading time":"3 minutes"},"schema":{"@context":"https:\/\/schema.org","@graph":[{"@type":"Article","@id":"https:\/\/premioluisvaltuena.org\/en\/juan-medina-wins-the-22nd-edition-of-the-luis-valtuena-humanitarian-photography-award\/#article","isPartOf":{"@id":"https:\/\/premioluisvaltuena.org\/en\/juan-medina-wins-the-22nd-edition-of-the-luis-valtuena-humanitarian-photography-award\/"},"author":{"name":"Nora Mora","@id":"https:\/\/premioluisvaltuena.org\/#\/schema\/person\/b3084aed10d385130260ca00c17c0fe6"},"headline":"Juan Medina wins the 22nd edition of the Luis Valtue\u00f1a Humanitarian Photography Award","datePublished":"2018-12-05T12:00:27+00:00","dateModified":"2020-02-16T11:06:34+00:00","mainEntityOfPage":{"@id":"https:\/\/premioluisvaltuena.org\/en\/juan-medina-wins-the-22nd-edition-of-the-luis-valtuena-humanitarian-photography-award\/"},"wordCount":643,"commentCount":0,"publisher":{"@id":"https:\/\/premioluisvaltuena.org\/#organization"},"image":{"@id":"https:\/\/premioluisvaltuena.org\/en\/juan-medina-wins-the-22nd-edition-of-the-luis-valtuena-humanitarian-photography-award\/#primaryimage"},"thumbnailUrl":"https:\/\/premioluisvaltuena.org\/wp-content\/uploads\/2020\/02\/03-550x366.jpg","articleSection":["Awards"],"inLanguage":"en-US","potentialAction":[{"@type":"CommentAction","name":"Comment","target":["https:\/\/premioluisvaltuena.org\/en\/juan-medina-wins-the-22nd-edition-of-the-luis-valtuena-humanitarian-photography-award\/#respond"]}]},{"@type":"WebPage","@id":"https:\/\/premioluisvaltuena.org\/en\/juan-medina-wins-the-22nd-edition-of-the-luis-valtuena-humanitarian-photography-award\/","url":"https:\/\/premioluisvaltuena.org\/en\/juan-medina-wins-the-22nd-edition-of-the-luis-valtuena-humanitarian-photography-award\/","name":"Juan Medina wins the 22nd edition of the Luis Valtue\u00f1a Humanitarian Photography Award - Premio Luis Valtue\u00f1a","isPartOf":{"@id":"https:\/\/premioluisvaltuena.org\/#website"},"primaryImageOfPage":{"@id":"https:\/\/premioluisvaltuena.org\/en\/juan-medina-wins-the-22nd-edition-of-the-luis-valtuena-humanitarian-photography-award\/#primaryimage"},"image":{"@id":"https:\/\/premioluisvaltuena.org\/en\/juan-medina-wins-the-22nd-edition-of-the-luis-valtuena-humanitarian-photography-award\/#primaryimage"},"thumbnailUrl":"https:\/\/premioluisvaltuena.org\/wp-content\/uploads\/2020\/02\/03-550x366.jpg","datePublished":"2018-12-05T12:00:27+00:00","dateModified":"2020-02-16T11:06:34+00:00","breadcrumb":{"@id":"https:\/\/premioluisvaltuena.org\/en\/juan-medina-wins-the-22nd-edition-of-the-luis-valtuena-humanitarian-photography-award\/#breadcrumb"},"inLanguage":"en-US","potentialAction":[{"@type":"ReadAction","target":["https:\/\/premioluisvaltuena.org\/en\/juan-medina-wins-the-22nd-edition-of-the-luis-valtuena-humanitarian-photography-award\/"]}]},{"@type":"ImageObject","inLanguage":"en-US","@id":"https:\/\/premioluisvaltuena.org\/en\/juan-medina-wins-the-22nd-edition-of-the-luis-valtuena-humanitarian-photography-award\/#primaryimage","url":"https:\/\/premioluisvaltuena.org\/wp-content\/uploads\/2020\/02\/03-550x366.jpg","contentUrl":"https:\/\/premioluisvaltuena.org\/wp-content\/uploads\/2020\/02\/03-550x366.jpg","width":550,"height":366,"caption":"Los migrantes rescatados por el bote de rescate de la ONG Proactiva Open Arms en el mar Mediterr\u00e1neo central permanecen a bordo antes de llegar al puerto de Algeciras en San Roque, sur de Espa\u00f1a, el 9 de agosto de 2018."},{"@type":"BreadcrumbList","@id":"https:\/\/premioluisvaltuena.org\/en\/juan-medina-wins-the-22nd-edition-of-the-luis-valtuena-humanitarian-photography-award\/#breadcrumb","itemListElement":[{"@type":"ListItem","position":1,"name":"Portada","item":"https:\/\/premioluisvaltuena.org\/en\/"},{"@type":"ListItem","position":2,"name":"Juan Medina wins the 22nd edition of the Luis Valtue\u00f1a Humanitarian Photography Award"}]},{"@type":"WebSite","@id":"https:\/\/premioluisvaltuena.org\/#website","url":"https:\/\/premioluisvaltuena.org\/","name":"Premio Internacional Luis Valtue\u00f1a Fotograf\u00eda Humanitaria","description":"","publisher":{"@id":"https:\/\/premioluisvaltuena.org\/#organization"},"potentialAction":[{"@type":"SearchAction","target":{"@type":"EntryPoint","urlTemplate":"https:\/\/premioluisvaltuena.org\/?s={search_term_string}"},"query-input":{"@type":"PropertyValueSpecification","valueRequired":true,"valueName":"search_term_string"}}],"inLanguage":"en-US"},{"@type":"Organization","@id":"https:\/\/premioluisvaltuena.org\/#organization","name":"Premio Internacional Luis Valtue\u00f1a Fotograf\u00eda Humanitaria","url":"https:\/\/premioluisvaltuena.org\/","logo":{"@type":"ImageObject","inLanguage":"en-US","@id":"https:\/\/premioluisvaltuena.org\/#\/schema\/logo\/image\/","url":"https:\/\/premioluisvaltuena.org\/wp-content\/uploads\/2020\/08\/Logo-2020.png","contentUrl":"https:\/\/premioluisvaltuena.org\/wp-content\/uploads\/2020\/08\/Logo-2020.png","width":1920,"height":1280,"caption":"Premio Internacional Luis Valtue\u00f1a Fotograf\u00eda Humanitaria"},"image":{"@id":"https:\/\/premioluisvaltuena.org\/#\/schema\/logo\/image\/"},"sameAs":["https:\/\/www.facebook.com\/premioluisvaltuena\/","https:\/\/www.instagram.com\/premioluisvaltuena\/","https:\/\/www.youtube.com\/playlist?list=PLXPK1-jJZbACLMAIKz7pej4avPCcdrmkn","https:\/\/es.wikipedia.org\/wiki\/Premio_Internacional_Luis_Valtue\u00f1a_de_Fotograf\u00eda_Humanitaria"]},{"@type":"Person","@id":"https:\/\/premioluisvaltuena.org\/#\/schema\/person\/b3084aed10d385130260ca00c17c0fe6","name":"Nora Mora","url":"https:\/\/premioluisvaltuena.org\/en\/author\/eliett\/"}]}},"_links":{"self":[{"href":"https:\/\/premioluisvaltuena.org\/en\/wp-json\/wp\/v2\/posts\/4371","targetHints":{"allow":["GET"]}}],"collection":[{"href":"https:\/\/premioluisvaltuena.org\/en\/wp-json\/wp\/v2\/posts"}],"about":[{"href":"https:\/\/premioluisvaltuena.org\/en\/wp-json\/wp\/v2\/types\/post"}],"author":[{"embeddable":true,"href":"https:\/\/premioluisvaltuena.org\/en\/wp-json\/wp\/v2\/users\/23"}],"replies":[{"embeddable":true,"href":"https:\/\/premioluisvaltuena.org\/en\/wp-json\/wp\/v2\/comments?post=4371"}],"version-history":[{"count":0,"href":"https:\/\/premioluisvaltuena.org\/en\/wp-json\/wp\/v2\/posts\/4371\/revisions"}],"wp:featuredmedia":[{"embeddable":true,"href":"https:\/\/premioluisvaltuena.org\/en\/wp-json\/wp\/v2\/media\/4037"}],"wp:attachment":[{"href":"https:\/\/premioluisvaltuena.org\/en\/wp-json\/wp\/v2\/media?parent=4371"}],"wp:term":[{"taxonomy":"category","embeddable":true,"href":"https:\/\/premioluisvaltuena.org\/en\/wp-json\/wp\/v2\/categories?post=4371"},{"taxonomy":"post_tag","embeddable":true,"href":"https:\/\/premioluisvaltuena.org\/en\/wp-json\/wp\/v2\/tags?post=4371"}],"curies":[{"name":"wp","href":"https:\/\/api.w.org\/{rel}","templated":true}]}}